{"id":468,"date":"2024-03-06T18:11:06","date_gmt":"2024-03-06T18:11:06","guid":{"rendered":"http:\/\/jardinerosdecantabria.com\/?p=468"},"modified":"2024-03-06T18:19:12","modified_gmt":"2024-03-06T18:19:12","slug":"curso-online-control-de-la-plaga-del-picudo-rojo-de-las-palmeras-y-sistemas-de-prevencion","status":"publish","type":"post","link":"https:\/\/jardinerosdecantabria.com\/?p=468","title":{"rendered":"Curso Online: Control de la plaga del Picudo Rojo de las palmeras y sistemas de prevenci\u00f3n"},"content":{"rendered":"\n<div style=\"height:100px\" aria-hidden=\"true\" class=\"wp-block-spacer\"><\/div>\n\n\n\n<h2 class=\"wp-block-heading\">1\u00aa Jornada &#8211; Jueves 29 de enero 2024<\/h2>\n\n\n\n<ul class=\"wp-block-list\">\n<li>Ciclo biol\u00f3gico &#8211; Caracter\u00edsticas de la plaga<\/li>\n\n\n\n<li>Identificaci\u00f3n de la plaga &#8211; Sintomatolog\u00eda<\/li>\n\n\n\n<li>Estrategias de gesti\u00f3n<\/li>\n\n\n\n<li>Tratamientos de prevenci\u00f3n y control<\/li>\n<\/ul>\n\n\n\n<figure class=\"wp-block-embed is-type-video is-provider-youtube wp-block-embed-youtube wp-embed-aspect-16-9 wp-has-aspect-ratio\"><div class=\"wp-block-embed__wrapper\">\n<div class=\"jetpack-video-wrapper\"><iframe loading=\"lazy\" title=\"Control de la plaga del Picudo Rojo - Primera jornada\" width=\"1140\" height=\"641\" src=\"https:\/\/www.youtube.com\/embed\/8gZOMzRA0_o?feature=oembed\" frameborder=\"0\" allow=\"accelerometer; autoplay; clipboard-write; encrypted-media; gyroscope; picture-in-picture; web-share\" referrerpolicy=\"strict-origin-when-cross-origin\" allowfullscreen><\/iframe><\/div>\n<\/div><\/figure>\n\n\n\n<h2 class=\"wp-block-heading\">2\u00aa Jornada &#8211; Viernes 1 de marzo 2024<\/h2>\n\n\n\n<ul class=\"wp-block-list\">\n<li>Legislaci\u00f3n vigente<\/li>\n\n\n\n<li>Productos autorizados<\/li>\n\n\n\n<li>Pr\u00e1ctica online de identificaci\u00f3n, cirug\u00eda y valoraci\u00f3n<\/li>\n\n\n\n<li>Cuidados posteriores<\/li>\n<\/ul>\n\n\n\n<figure class=\"wp-block-embed is-type-video is-provider-youtube wp-block-embed-youtube wp-embed-aspect-16-9 wp-has-aspect-ratio\"><div class=\"wp-block-embed__wrapper\">\n<div class=\"jetpack-video-wrapper\"><iframe loading=\"lazy\" title=\"Control de la plaga del Picudo Rojo - Segunda jornada\" width=\"1140\" height=\"641\" src=\"https:\/\/www.youtube.com\/embed\/Y2sZdvcvLio?feature=oembed\" frameborder=\"0\" allow=\"accelerometer; autoplay; clipboard-write; encrypted-media; gyroscope; picture-in-picture; web-share\" referrerpolicy=\"strict-origin-when-cross-origin\" allowfullscreen><\/iframe><\/div>\n<\/div><\/figure>\n","protected":false},"excerpt":{"rendered":"<p>1\u00aa Jornada &#8211; Jueves 29 de enero 2024 2\u00aa Jornada &#8211; Viernes 1 de marzo 2024<\/p>\n","protected":false},"author":1,"featured_media":469,"comment_status":"closed","ping_status":"open","sticky":false,"template":"page-templates\/no-sidebar.php","format":"standard","meta":{"jetpack_post_was_ever_published":false,"_jetpack_newsletter_access":"","_jetpack_dont_email_post_to_subs":false,"_jetpack_newsletter_tier_id":0,"_jetpack_memberships_contains_paywalled_content":false,"_jetpack_memberships_contains_paid_content":false,"footnotes":"","jetpack_publicize_message":"","jetpack_publicize_feature_enabled":true,"jetpack_social_post_already_shared":true,"jetpack_social_options":{"image_generator_settings":{"template":"highway","default_image_id":0,"font":"","enabled":false},"version":2}},"categories":[1],"tags":[],"class_list":["post-468","post","type-post","status-publish","format-standard","has-post-thumbnail","hentry","category-uncategorized"],"jetpack_publicize_connections":[],"jetpack_featured_media_url":"https:\/\/jardinerosdecantabria.com\/wp-content\/uploads\/2024\/03\/pantalla.png","jetpack_sharing_enabled":true,"jetpack_shortlink":"https:\/\/wp.me\/pa44ln-7y","_links":{"self":[{"href":"https:\/\/jardinerosdecantabria.com\/index.php?rest_route=\/wp\/v2\/posts\/468","targetHints":{"allow":["GET"]}}],"collection":[{"href":"https:\/\/jardinerosdecantabria.com\/index.php?rest_route=\/wp\/v2\/posts"}],"about":[{"href":"https:\/\/jardinerosdecantabria.com\/index.php?rest_route=\/wp\/v2\/types\/post"}],"author":[{"embeddable":true,"href":"https:\/\/jardinerosdecantabria.com\/index.php?rest_route=\/wp\/v2\/users\/1"}],"replies":[{"embeddable":true,"href":"https:\/\/jardinerosdecantabria.com\/index.php?rest_route=%2Fwp%2Fv2%2Fcomments&post=468"}],"version-history":[{"count":2,"href":"https:\/\/jardinerosdecantabria.com\/index.php?rest_route=\/wp\/v2\/posts\/468\/revisions"}],"predecessor-version":[{"id":472,"href":"https:\/\/jardinerosdecantabria.com\/index.php?rest_route=\/wp\/v2\/posts\/468\/revisions\/472"}],"wp:featuredmedia":[{"embeddable":true,"href":"https:\/\/jardinerosdecantabria.com\/index.php?rest_route=\/wp\/v2\/media\/469"}],"wp:attachment":[{"href":"https:\/\/jardinerosdecantabria.com\/index.php?rest_route=%2Fwp%2Fv2%2Fmedia&parent=468"}],"wp:term":[{"taxonomy":"category","embeddable":true,"href":"https:\/\/jardinerosdecantabria.com\/index.php?rest_route=%2Fwp%2Fv2%2Fcategories&post=468"},{"taxonomy":"post_tag","embeddable":true,"href":"https:\/\/jardinerosdecantabria.com\/index.php?rest_route=%2Fwp%2Fv2%2Ftags&post=468"}],"curies":[{"name":"wp","href":"https:\/\/api.w.org\/{rel}","templated":true}]}}