{"id":38,"date":"2018-04-14T08:18:04","date_gmt":"2018-04-14T08:18:04","guid":{"rendered":"https:\/\/jardinerosdecantabria.com\/?p=38"},"modified":"2018-07-12T08:15:06","modified_gmt":"2018-07-12T08:15:06","slug":"vii-feria-de-de-arboles-y-plantas-de-torrelavega","status":"publish","type":"post","link":"https:\/\/jardinerosdecantabria.com\/?p=38","title":{"rendered":"VII Feria de de \u00c1rboles y Plantas de Torrelavega"},"content":{"rendered":"<p>La Asociaci\u00f3n de Jardineros de Cantabria &#8211; AJAC particip\u00f3 en la VII Edici\u00f3n de la feria de \u00c1rboles y Plantas de Torrelavega, que tuvo lugar el s\u00e1bado 14 y domingo 15 de abril en el Mercado de Ganados de la localidad. En su stand, la asociaci\u00f3n ofreci\u00f3 una serie de talleres de plantaci\u00f3n dirigidos a ni\u00f1os.<!--more--><img loading=\"lazy\" decoding=\"async\" class=\"alignleft size-medium wp-image-29\" src=\"https:\/\/jardinerosdecantabria.com\/wp-content\/uploads\/2018\/07\/VIIFeriaplantastorrelavega-225x300.jpg\" alt=\"\" width=\"225\" height=\"300\" srcset=\"https:\/\/jardinerosdecantabria.com\/wp-content\/uploads\/2018\/07\/VIIFeriaplantastorrelavega-225x300.jpg 225w, https:\/\/jardinerosdecantabria.com\/wp-content\/uploads\/2018\/07\/VIIFeriaplantastorrelavega-768x1024.jpg 768w, https:\/\/jardinerosdecantabria.com\/wp-content\/uploads\/2018\/07\/VIIFeriaplantastorrelavega.jpg 1200w\" sizes=\"auto, (max-width: 225px) 100vw, 225px\" \/> <img loading=\"lazy\" decoding=\"async\" class=\"alignleft size-medium wp-image-30\" src=\"https:\/\/jardinerosdecantabria.com\/wp-content\/uploads\/2018\/07\/VIIFeriaplantastorrelavega-2-300x300.jpg\" alt=\"\" width=\"300\" height=\"300\" srcset=\"https:\/\/jardinerosdecantabria.com\/wp-content\/uploads\/2018\/07\/VIIFeriaplantastorrelavega-2-300x300.jpg 300w, https:\/\/jardinerosdecantabria.com\/wp-content\/uploads\/2018\/07\/VIIFeriaplantastorrelavega-2-150x150.jpg 150w, https:\/\/jardinerosdecantabria.com\/wp-content\/uploads\/2018\/07\/VIIFeriaplantastorrelavega-2-768x768.jpg 768w, https:\/\/jardinerosdecantabria.com\/wp-content\/uploads\/2018\/07\/VIIFeriaplantastorrelavega-2-1024x1024.jpg 1024w, https:\/\/jardinerosdecantabria.com\/wp-content\/uploads\/2018\/07\/VIIFeriaplantastorrelavega-2-100x100.jpg 100w, https:\/\/jardinerosdecantabria.com\/wp-content\/uploads\/2018\/07\/VIIFeriaplantastorrelavega-2.jpg 1089w\" sizes=\"auto, (max-width: 300px) 100vw, 300px\" \/><\/p>\n<p>&nbsp;<\/p>\n","protected":false},"excerpt":{"rendered":"<p>La Asociaci\u00f3n de Jardineros de Cantabria &#8211; AJAC particip\u00f3 en la VII Edici\u00f3n de la feria de \u00c1rboles y Plantas &hellip; <a href=\"https:\/\/jardinerosdecantabria.com\/?p=38\" class=\"more-link\">Continue reading <span class=\"screen-reader-text\">VII Feria de de \u00c1rboles y Plantas de Torrelavega<\/span><\/a><\/p>\n","protected":false},"author":1,"featured_media":30,"comment_status":"open","ping_status":"open","sticky":false,"template":"","format":"standard","meta":{"jetpack_post_was_ever_published":false,"_jetpack_newsletter_access":"","_jetpack_dont_email_post_to_subs":false,"_jetpack_newsletter_tier_id":0,"_jetpack_memberships_contains_paywalled_content":false,"_jetpack_memberships_contains_paid_content":false,"footnotes":"","jetpack_publicize_message":"","jetpack_publicize_feature_enabled":true,"jetpack_social_post_already_shared":false,"jetpack_social_options":{"image_generator_settings":{"template":"highway","default_image_id":0,"font":"","enabled":false},"version":2}},"categories":[2],"tags":[3],"class_list":["post-38","post","type-post","status-publish","format-standard","has-post-thumbnail","hentry","category-noticias","tag-noticias"],"jetpack_publicize_connections":[],"jetpack_featured_media_url":"https:\/\/jardinerosdecantabria.com\/wp-content\/uploads\/2018\/07\/VIIFeriaplantastorrelavega-2.jpg","jetpack_sharing_enabled":true,"jetpack_shortlink":"https:\/\/wp.me\/pa44ln-C","_links":{"self":[{"href":"https:\/\/jardinerosdecantabria.com\/index.php?rest_route=\/wp\/v2\/posts\/38","targetHints":{"allow":["GET"]}}],"collection":[{"href":"https:\/\/jardinerosdecantabria.com\/index.php?rest_route=\/wp\/v2\/posts"}],"about":[{"href":"https:\/\/jardinerosdecantabria.com\/index.php?rest_route=\/wp\/v2\/types\/post"}],"author":[{"embeddable":true,"href":"https:\/\/jardinerosdecantabria.com\/index.php?rest_route=\/wp\/v2\/users\/1"}],"replies":[{"embeddable":true,"href":"https:\/\/jardinerosdecantabria.com\/index.php?rest_route=%2Fwp%2Fv2%2Fcomments&post=38"}],"version-history":[{"count":2,"href":"https:\/\/jardinerosdecantabria.com\/index.php?rest_route=\/wp\/v2\/posts\/38\/revisions"}],"predecessor-version":[{"id":266,"href":"https:\/\/jardinerosdecantabria.com\/index.php?rest_route=\/wp\/v2\/posts\/38\/revisions\/266"}],"wp:featuredmedia":[{"embeddable":true,"href":"https:\/\/jardinerosdecantabria.com\/index.php?rest_route=\/wp\/v2\/media\/30"}],"wp:attachment":[{"href":"https:\/\/jardinerosdecantabria.com\/index.php?rest_route=%2Fwp%2Fv2%2Fmedia&parent=38"}],"wp:term":[{"taxonomy":"category","embeddable":true,"href":"https:\/\/jardinerosdecantabria.com\/index.php?rest_route=%2Fwp%2Fv2%2Fcategories&post=38"},{"taxonomy":"post_tag","embeddable":true,"href":"https:\/\/jardinerosdecantabria.com\/index.php?rest_route=%2Fwp%2Fv2%2Ftags&post=38"}],"curies":[{"name":"wp","href":"https:\/\/api.w.org\/{rel}","templated":true}]}}