{"id":36,"date":"2018-03-27T08:16:36","date_gmt":"2018-03-27T08:16:36","guid":{"rendered":"https:\/\/jardinerosdecantabria.com\/?p=36"},"modified":"2018-07-12T08:11:14","modified_gmt":"2018-07-12T08:11:14","slug":"dia-del-arbol-2018","status":"publish","type":"post","link":"https:\/\/jardinerosdecantabria.com\/?p=36","title":{"rendered":"D\u00eda del \u00c1rbol 2018"},"content":{"rendered":"<p>La Asociaci\u00f3n de Jardineros de Cantabria celebr\u00f3 el D\u00eda del \u00c1rbol el pasado 21 de marzo en el Colegio Jos\u00e9 Luis Hidalgo de Torrelavega, con la presencia del presidente de Cantabria Miguel \u00c1ngel Revilla. Durante ese d\u00eda, los jardineros asociados recorrieron varios centros educativos de la regi\u00f3n, al igual que en a\u00f1os anteriores, promocionando los \u00e1rboles de nuestra regi\u00f3n con talleres para ni\u00f1os y entrega de \u00e1rboles en maceta.<\/p>\n<p><!--more--><\/p>\n<p>Este a\u00f1o se recorrieron 8 colegios (Pintor Espronceda en Tanos, Jos\u00e9 Luis Hidalgo, Sagrados Corazones y Men\u00e9ndez Pidal en Torrelavega, Palacio en Noja, Santa Juliana en Santillana del Mar, Quir\u00f3s en C\u00f3breces y Marqu\u00e9s de Valdecilla en Solares) y se repartieron 1.700 \u00e1rboles cedidos por la Direcci\u00f3n General del Medio Natural, a trav\u00e9s del vivero forestal La Flor de Villapresente.<\/p>\n","protected":false},"excerpt":{"rendered":"<p>La Asociaci\u00f3n de Jardineros de Cantabria celebr\u00f3 el D\u00eda del \u00c1rbol el pasado 21 de marzo en el Colegio Jos\u00e9 &hellip; <a href=\"https:\/\/jardinerosdecantabria.com\/?p=36\" class=\"more-link\">Continue reading <span class=\"screen-reader-text\">D\u00eda del \u00c1rbol 2018<\/span><\/a><\/p>\n","protected":false},"author":1,"featured_media":8,"comment_status":"open","ping_status":"open","sticky":false,"template":"","format":"standard","meta":{"jetpack_post_was_ever_published":false,"_jetpack_newsletter_access":"","_jetpack_dont_email_post_to_subs":false,"_jetpack_newsletter_tier_id":0,"_jetpack_memberships_contains_paywalled_content":false,"_jetpack_memberships_contains_paid_content":false,"footnotes":"","jetpack_publicize_message":"","jetpack_publicize_feature_enabled":true,"jetpack_social_post_already_shared":false,"jetpack_social_options":{"image_generator_settings":{"template":"highway","default_image_id":0,"font":"","enabled":false},"version":2}},"categories":[2],"tags":[3],"class_list":["post-36","post","type-post","status-publish","format-standard","has-post-thumbnail","hentry","category-noticias","tag-noticias"],"jetpack_publicize_connections":[],"jetpack_featured_media_url":"https:\/\/jardinerosdecantabria.com\/wp-content\/uploads\/2018\/07\/diaarbol2018-1.jpg","jetpack_sharing_enabled":true,"jetpack_shortlink":"https:\/\/wp.me\/pa44ln-A","_links":{"self":[{"href":"https:\/\/jardinerosdecantabria.com\/index.php?rest_route=\/wp\/v2\/posts\/36","targetHints":{"allow":["GET"]}}],"collection":[{"href":"https:\/\/jardinerosdecantabria.com\/index.php?rest_route=\/wp\/v2\/posts"}],"about":[{"href":"https:\/\/jardinerosdecantabria.com\/index.php?rest_route=\/wp\/v2\/types\/post"}],"author":[{"embeddable":true,"href":"https:\/\/jardinerosdecantabria.com\/index.php?rest_route=\/wp\/v2\/users\/1"}],"replies":[{"embeddable":true,"href":"https:\/\/jardinerosdecantabria.com\/index.php?rest_route=%2Fwp%2Fv2%2Fcomments&post=36"}],"version-history":[{"count":1,"href":"https:\/\/jardinerosdecantabria.com\/index.php?rest_route=\/wp\/v2\/posts\/36\/revisions"}],"predecessor-version":[{"id":37,"href":"https:\/\/jardinerosdecantabria.com\/index.php?rest_route=\/wp\/v2\/posts\/36\/revisions\/37"}],"wp:featuredmedia":[{"embeddable":true,"href":"https:\/\/jardinerosdecantabria.com\/index.php?rest_route=\/wp\/v2\/media\/8"}],"wp:attachment":[{"href":"https:\/\/jardinerosdecantabria.com\/index.php?rest_route=%2Fwp%2Fv2%2Fmedia&parent=36"}],"wp:term":[{"taxonomy":"category","embeddable":true,"href":"https:\/\/jardinerosdecantabria.com\/index.php?rest_route=%2Fwp%2Fv2%2Fcategories&post=36"},{"taxonomy":"post_tag","embeddable":true,"href":"https:\/\/jardinerosdecantabria.com\/index.php?rest_route=%2Fwp%2Fv2%2Ftags&post=36"}],"curies":[{"name":"wp","href":"https:\/\/api.w.org\/{rel}","templated":true}]}}