{"id":290,"date":"2019-04-04T15:01:33","date_gmt":"2019-04-04T15:01:33","guid":{"rendered":"http:\/\/jardinerosdecantabria.com\/?p=290"},"modified":"2019-04-04T15:01:33","modified_gmt":"2019-04-04T15:01:33","slug":"ajac-traslada-a-la-directora-general-de-trabajo-medidas-para-luchar-contra-el-intrusismo-en-el-sector-de-la-jardineria","status":"publish","type":"post","link":"https:\/\/jardinerosdecantabria.com\/?p=290","title":{"rendered":"AJAC traslada a la directora general de trabajo medidas para luchar contra el intrusismo en el sector de la jardiner\u00eda"},"content":{"rendered":"<p>La Asociaci\u00f3n de Jardineros de Cantabria-AJAC, compuesta por m\u00e1s de 50 empresas del sector de la jardiner\u00eda, ha mantenido una reuni\u00f3n con la directora general de Trabajo del Gobierno de Cantabria, Ana Bel\u00e9n \u00c1lvarez, para tratar de luchar contra un grave problema en el sector como es el intrusismo profesional y la econom\u00eda sumergida.<!--more--><\/p>\n<p>En el encuentro, en el que particip\u00f3 una delegaci\u00f3n de AJAC encabezada por su presidente Salvador Vicente, expusieron el gran problema que hay en este sector y los riesgos que ello puede conllevar. En muchas comunidades de vecinos las labores de jardiner\u00eda las realizan personas sin estar dadas de alta en la seguridad social y sin contar con los medios t\u00e9cnicos o preparaci\u00f3n apropiada, y esto les puede llevar tener un serio problema si hay alg\u00fan accidente laboral, por poner un simple ejemplo.<\/p>\n<p>La propia directora general de trabajo mostr\u00f3 a los jardineros su preocupaci\u00f3n por esta situaci\u00f3n, comprometi\u00e9ndose a afrontar este tema tanto con la inspecci\u00f3n de trabajo como con los administradores de fincas con el fin de que exista, por parte de todos los propietarios de fincas y jardines, una sensibilizaci\u00f3n a la hora de encargar labores de mantenimiento de los mismos a profesionales del sector.<\/p>\n","protected":false},"excerpt":{"rendered":"<p>La Asociaci\u00f3n de Jardineros de Cantabria-AJAC, compuesta por m\u00e1s de 50 empresas del sector de la jardiner\u00eda, ha mantenido una &hellip; <a href=\"https:\/\/jardinerosdecantabria.com\/?p=290\" class=\"more-link\">Continue reading <span class=\"screen-reader-text\">AJAC traslada a la directora general de trabajo medidas para luchar contra el intrusismo en el sector de la jardiner\u00eda<\/span><\/a><\/p>\n","protected":false},"author":1,"featured_media":292,"comment_status":"open","ping_status":"open","sticky":false,"template":"","format":"standard","meta":{"jetpack_post_was_ever_published":false,"_jetpack_newsletter_access":"","_jetpack_dont_email_post_to_subs":false,"_jetpack_newsletter_tier_id":0,"_jetpack_memberships_contains_paywalled_content":false,"_jetpack_memberships_contains_paid_content":false,"footnotes":"","jetpack_publicize_message":"","jetpack_publicize_feature_enabled":true,"jetpack_social_post_already_shared":true,"jetpack_social_options":{"image_generator_settings":{"template":"highway","default_image_id":0,"font":"","enabled":false},"version":2}},"categories":[2],"tags":[3],"class_list":["post-290","post","type-post","status-publish","format-standard","has-post-thumbnail","hentry","category-noticias","tag-noticias"],"jetpack_publicize_connections":[],"jetpack_featured_media_url":"https:\/\/jardinerosdecantabria.com\/wp-content\/uploads\/2019\/04\/foto-AJAC-directora-general-de-trabajo.jpg","jetpack_sharing_enabled":true,"jetpack_shortlink":"https:\/\/wp.me\/pa44ln-4G","_links":{"self":[{"href":"https:\/\/jardinerosdecantabria.com\/index.php?rest_route=\/wp\/v2\/posts\/290","targetHints":{"allow":["GET"]}}],"collection":[{"href":"https:\/\/jardinerosdecantabria.com\/index.php?rest_route=\/wp\/v2\/posts"}],"about":[{"href":"https:\/\/jardinerosdecantabria.com\/index.php?rest_route=\/wp\/v2\/types\/post"}],"author":[{"embeddable":true,"href":"https:\/\/jardinerosdecantabria.com\/index.php?rest_route=\/wp\/v2\/users\/1"}],"replies":[{"embeddable":true,"href":"https:\/\/jardinerosdecantabria.com\/index.php?rest_route=%2Fwp%2Fv2%2Fcomments&post=290"}],"version-history":[{"count":2,"href":"https:\/\/jardinerosdecantabria.com\/index.php?rest_route=\/wp\/v2\/posts\/290\/revisions"}],"predecessor-version":[{"id":293,"href":"https:\/\/jardinerosdecantabria.com\/index.php?rest_route=\/wp\/v2\/posts\/290\/revisions\/293"}],"wp:featuredmedia":[{"embeddable":true,"href":"https:\/\/jardinerosdecantabria.com\/index.php?rest_route=\/wp\/v2\/media\/292"}],"wp:attachment":[{"href":"https:\/\/jardinerosdecantabria.com\/index.php?rest_route=%2Fwp%2Fv2%2Fmedia&parent=290"}],"wp:term":[{"taxonomy":"category","embeddable":true,"href":"https:\/\/jardinerosdecantabria.com\/index.php?rest_route=%2Fwp%2Fv2%2Fcategories&post=290"},{"taxonomy":"post_tag","embeddable":true,"href":"https:\/\/jardinerosdecantabria.com\/index.php?rest_route=%2Fwp%2Fv2%2Ftags&post=290"}],"curies":[{"name":"wp","href":"https:\/\/api.w.org\/{rel}","templated":true}]}}