{"id":281,"date":"2018-10-18T09:19:13","date_gmt":"2018-10-18T09:19:13","guid":{"rendered":"http:\/\/jardinerosdecantabria.com\/?p=281"},"modified":"2018-10-18T09:26:51","modified_gmt":"2018-10-18T09:26:51","slug":"ajac-organizara-varias-jornadas-de-formacion-para-sus-empresas-asociadas","status":"publish","type":"post","link":"https:\/\/jardinerosdecantabria.com\/?p=281","title":{"rendered":"AJAC organizar\u00e1 varias jornadas de formaci\u00f3n para sus empresas asociadas"},"content":{"rendered":"<p>La Asociaci\u00f3n de Jardineros de Cantabria \u2013 AJAC realizar\u00e1 una serie de acciones formativas para sus empresas asociadas enmarcadas dentro de su apuesta por la profesionalizaci\u00f3n del sector, garantizando as\u00ed que los profesionales de las cerca de 50 empresas integradas en la asociaci\u00f3n contin\u00faen teniendo una cualificaci\u00f3n profesional sobresaliente que les permita asumir todas las tareas para las que les requieran.<!--more--><\/p>\n<p>Estas acciones comenzar\u00e1n el 18 de octubre jueves con una jornada sobre la avispa velutina impartido por la empresa especializada Sercant (Servicios C\u00e1ntabros Antivelutina), en la que se tratar\u00e1n los m\u00e9todos de eliminaci\u00f3n de esta especie invasora, como la colocaci\u00f3n de cebos, y medidas de seguridad y sanitarias al tratar con esta amenaza.<\/p>\n<p>Para noviembre est\u00e1 programada una nueva jornada sobre productos fitosanitarios, en la que se abordar\u00e1n, entre otros temas, la normativa que afecta a estos productos y posibles alternativas ecol\u00f3gicas a los mismos.<\/p>\n","protected":false},"excerpt":{"rendered":"<p>La Asociaci\u00f3n de Jardineros de Cantabria \u2013 AJAC realizar\u00e1 una serie de acciones formativas para sus empresas asociadas enmarcadas dentro &hellip; <a href=\"https:\/\/jardinerosdecantabria.com\/?p=281\" class=\"more-link\">Continue reading <span class=\"screen-reader-text\">AJAC organizar\u00e1 varias jornadas de formaci\u00f3n para sus empresas asociadas<\/span><\/a><\/p>\n","protected":false},"author":1,"featured_media":280,"comment_status":"open","ping_status":"open","sticky":false,"template":"","format":"standard","meta":{"jetpack_post_was_ever_published":false,"_jetpack_newsletter_access":"","_jetpack_dont_email_post_to_subs":false,"_jetpack_newsletter_tier_id":0,"_jetpack_memberships_contains_paywalled_content":false,"_jetpack_memberships_contains_paid_content":false,"footnotes":"","jetpack_publicize_message":"","jetpack_publicize_feature_enabled":true,"jetpack_social_post_already_shared":true,"jetpack_social_options":{"image_generator_settings":{"template":"highway","default_image_id":0,"font":"","enabled":false},"version":2}},"categories":[2],"tags":[3],"class_list":["post-281","post","type-post","status-publish","format-standard","has-post-thumbnail","hentry","category-noticias","tag-noticias"],"jetpack_publicize_connections":[],"jetpack_featured_media_url":"https:\/\/jardinerosdecantabria.com\/wp-content\/uploads\/2018\/10\/IMG-20180323-WA0000.jpg","jetpack_sharing_enabled":true,"jetpack_shortlink":"https:\/\/wp.me\/pa44ln-4x","_links":{"self":[{"href":"https:\/\/jardinerosdecantabria.com\/index.php?rest_route=\/wp\/v2\/posts\/281","targetHints":{"allow":["GET"]}}],"collection":[{"href":"https:\/\/jardinerosdecantabria.com\/index.php?rest_route=\/wp\/v2\/posts"}],"about":[{"href":"https:\/\/jardinerosdecantabria.com\/index.php?rest_route=\/wp\/v2\/types\/post"}],"author":[{"embeddable":true,"href":"https:\/\/jardinerosdecantabria.com\/index.php?rest_route=\/wp\/v2\/users\/1"}],"replies":[{"embeddable":true,"href":"https:\/\/jardinerosdecantabria.com\/index.php?rest_route=%2Fwp%2Fv2%2Fcomments&post=281"}],"version-history":[{"count":5,"href":"https:\/\/jardinerosdecantabria.com\/index.php?rest_route=\/wp\/v2\/posts\/281\/revisions"}],"predecessor-version":[{"id":286,"href":"https:\/\/jardinerosdecantabria.com\/index.php?rest_route=\/wp\/v2\/posts\/281\/revisions\/286"}],"wp:featuredmedia":[{"embeddable":true,"href":"https:\/\/jardinerosdecantabria.com\/index.php?rest_route=\/wp\/v2\/media\/280"}],"wp:attachment":[{"href":"https:\/\/jardinerosdecantabria.com\/index.php?rest_route=%2Fwp%2Fv2%2Fmedia&parent=281"}],"wp:term":[{"taxonomy":"category","embeddable":true,"href":"https:\/\/jardinerosdecantabria.com\/index.php?rest_route=%2Fwp%2Fv2%2Fcategories&post=281"},{"taxonomy":"post_tag","embeddable":true,"href":"https:\/\/jardinerosdecantabria.com\/index.php?rest_route=%2Fwp%2Fv2%2Ftags&post=281"}],"curies":[{"name":"wp","href":"https:\/\/api.w.org\/{rel}","templated":true}]}}